{"id":13587,"date":"2021-06-02T16:53:05","date_gmt":"2021-06-02T16:53:05","guid":{"rendered":"http:\/\/www.gazmodulweisz.hu\/?p=13587"},"modified":"2021-06-17T10:19:44","modified_gmt":"2021-06-17T10:19:44","slug":"kapacitasbovito-beruhazas","status":"publish","type":"post","link":"http:\/\/www.gazmodulweisz.hu\/en\/2021\/06\/02\/kapacitasbovito-beruhazas\/","title":{"rendered":"Kapacit\u00e1sb\u0151v\u00edt\u0151 beruh\u00e1z\u00e1s"},"content":{"rendered":"<div class=\"wp-block-image\"><figure class=\"alignright size-large is-resized\"><img fetchpriority=\"high\" decoding=\"async\" src=\"http:\/\/www.gazmodulweisz.hu\/wp-content\/uploads\/2021\/06\/15873943301rIOm-1024x708.jpg\" alt=\"\" class=\"wp-image-13591\" width=\"456\" height=\"314\" srcset=\"https:\/\/www.gazmodulweisz.hu\/wp-content\/uploads\/2021\/06\/15873943301rIOm-1024x708.jpg 1024w, https:\/\/www.gazmodulweisz.hu\/wp-content\/uploads\/2021\/06\/15873943301rIOm-300x207.jpg 300w, https:\/\/www.gazmodulweisz.hu\/wp-content\/uploads\/2021\/06\/15873943301rIOm-768x531.jpg 768w, https:\/\/www.gazmodulweisz.hu\/wp-content\/uploads\/2021\/06\/15873943301rIOm-16x12.jpg 16w, https:\/\/www.gazmodulweisz.hu\/wp-content\/uploads\/2021\/06\/15873943301rIOm.jpg 1453w\" sizes=\"(max-width: 456px) 100vw, 456px\" \/><\/figure><\/div>\n\n\n\n<p><strong>KAPACIT\u00c1SB\u0150V\u00cdT\u0150 BERUH\u00c1Z\u00c1S<\/strong>&nbsp;a G\u00e1zmodul-Weisz Kereskedelmi \u00e9s Szolg\u00e1ltat\u00f3 Korl\u00e1tolt Felel\u0151ss\u00e9g\u0171 T\u00e1rsas\u00e1gn\u00e1l az Eur\u00f3pai Uni\u00f3 t\u00e1mogat\u00e1s\u00e1val, az Eur\u00f3pai Region\u00e1lis Fejleszt\u00e9si Alap t\u00e1rsfinansz\u00edroz\u00e1s\u00e1val.<\/p>\n\n\n\n<p>A G\u00e1zmodul-Weisz Kereskedelmi \u00e9s Szolg\u00e1ltat\u00f3 Korl\u00e1tolt Felel\u0151ss\u00e9g\u0171 T\u00e1rsas\u00e1g, 30%-os t\u00e1mogat\u00e1si intenzit\u00e1s mellett, 41,5milli\u00f3 forint vissza nem t\u00e9r\u00edtend\u0151 t\u00e1mogat\u00e1st 83 milli\u00f3 forint visszat\u00e9r\u00edtend\u0151 t\u00e1mogat\u00e1st nyert el a \u201eMikro-, kis- \u00e9s k\u00f6z\u00e9pv\u00e1llalkoz\u00e1sok kapacit\u00e1sb\u0151v\u00edt\u0151 beruh\u00e1z\u00e1sainak t\u00e1mogat\u00e1sa kombin\u00e1lt hitelterm\u00e9k keret\u00e9ben\u201d c\u00edm\u0171 p\u00e1ly\u00e1zaton a Sz\u00e9chenyi 2020 keret\u00e9ben. A k\u00f6zel 139 milli\u00f3 forintos \u00f6sszk\u00f6lts\u00e9gvet\u00e9s\u0171 beruh\u00e1z\u00e1sb\u00f3l a&nbsp;<\/p>\n\n\n\n<p>\u201eEszk\u00f6z \u00e9s termel\u00e9si infrastrukt\u00farafejleszt\u00e9s a G\u00e1zmodul Weisz Kft -n\u00e9l\u201d c\u00edm\u0171 projekt val\u00f3sul meg.<\/p>\n\n\n\n<p>A projekt c\u00e9lja a v\u00e1llalkoz\u00e1s g\u00e9pparkj\u00e1nak b\u0151v\u00edt\u00e9se, ez\u00e1ltal a termel\u00e9si kapacit\u00e1s n\u00f6vel\u00e9se. A n\u00f6vekv\u0151 \u00e9s v\u00e1ltoz\u00f3 piaci ig\u00e9nyek megk\u00f6vetelik a min\u0151s\u00e9gi, gyors \u00e9s a speci\u00e1lis c\u00e9l\u00fa termel\u00e9st, melynek elengedhetetlen felt\u00e9tele a korszer\u0171 technol\u00f3gi\u00e1val rendelkez\u0151 termel\u0151 berendez\u00e9sek megl\u00e9te.<\/p>\n\n\n\n<p>A projekt keret\u00e9ben a v\u00e1llalkoz\u00e1s korszer\u0171s\u00edtette az eszk\u00f6zparkj\u00e1t valamint \u00fczemcsarnok \u00e9p\u00edt\u00e9ssel a gy\u00e1rt\u00e1s el\u0151k\u00e9sz\u00edt\u00e9s \u00e9s \u00f6sszeszerel\u00e9si munkafolyamatokat m\u00e1<\/p>\n\n\n\n<p>r a telephelyen el tudja v\u00e9gezni. Az \u00fczemcsarnokban az -oll\u00f3s emel\u0151ket is alkalmazva- el\u0151re gy\u00e1rtott szerelt \u00e9p\u00fcletg\u00e9p\u00e9szeti elemeket a beszerzend\u0151 targonca emel\u0151 seg\u00edts\u00e9g\u00e9vel sz\u00e1ll\u00edt\u00e1sra el\u0151k\u00e9sz\u00edtj\u00fck, \u00edgy a be\u00e9p\u00edt\u00e9s helysz\u00edn\u00e9n m\u00e1r csak az \u00e9p\u00fcletbe val\u00f3 instal\u00e1l\u00e1ssal kell foglalkozni.<\/p>\n\n\n\n<p>Ezen munkafolyamatokkal a helysz\u00edni szerel\u00e9si id\u0151k jelent\u0151sen cs\u00f6kkenthet\u0151ek. A szakszer\u0171 \u00e9s biztons\u00e1gos helysz\u00edni szerel\u00e9st a kosaras \u00e9s oll\u00f3s emel\u0151k felhaszn\u00e1l\u00e1s\u00e1val tudjuk biztos\u00edtani. A helysz\u00edni munka hat\u00e9konys\u00e1ga n\u0151. A korszer\u0171 el\u0151k\u00e9sz\u00edt\u0151-gy\u00e1rt\u00f3csarnokban a be\u00e9p\u00edt\u00e9si anyagok teljes m\u00e9ret \u00e9s min\u0151s\u00e9gkateg\u00f3ri\u00e1ban rendelkez\u00e9sre \u00e1llnak.<\/p>\n\n\n\n<p>A beruh\u00e1z\u00e1s c\u00e9lja, hogy az \u00faj eszk\u00f6z\u00f6kkel javuljon a munkav\u00e9gz\u00e9s hat\u00e9konys\u00e1sa \u00e9s min\u0151s\u00e9ge. Az energiahat\u00e9konys\u00e1g \u00e9s k\u00f6lts\u00e9gtakar\u00e9koss\u00e1g \u00e9rdek\u00e9ben az \u00fczemcsarnok energiaell\u00e1t\u00e1s\u00e1t 30 KW teljes\u00edtm\u00e9ny\u0171 fotovoltaikus rendszer seg\u00edti.<\/p>\n\n\n\n<p>&nbsp;A projekt keret\u00e9ben a v\u00e1llalkoz\u00e1s korszer\u0171s\u00edtette eszk\u00f6zparkj\u00e1t valamint \u00fczemcsarnok \u00e9p\u00edt\u00e9ssel a gy\u00e1rt\u00e1s el\u0151k\u00e9sz\u00edt\u00e9s \u00e9s \u00f6sszeszerel\u00e9si munkafolyamatokat m\u00e1r a telephel<\/p>\n\n\n\n<p>k\u00f6lts\u00e9gtakar\u00e9koss\u00e1g \u00e9rdek\u00e9ben az \u00fczemcsarnok energiaell\u00e1t\u00e1s\u00e1t 30 KW teljes\u00edtm\u00e9ny\u0171 fotovoltaikus rendszer seg\u00edti.yen el tudja v\u00e9gezni. A projekt keret\u00e9ben egy k\u00f6zel 900 n\u00e9gyzetm\u00e9teres, korszer\u0171, az el\u0151k\u00e9sz\u00edt\u00e9s ig\u00e9nyeinek megfelel\u0151 \u00fczemcsarnok fel\u00e9p\u00edt\u00e9se t\u00f6rt\u00e9nt. Beszerz\u00e9sre ker\u00fclt 5 darab elektromos oll\u00f3s emel\u0151, 1 db g\u00e1z\u00fczem\u0171 2000 kg teherb\u00edr\u00e1s\u00fa vill\u00e1s targonca. Az energiahat\u00e9konys\u00e1g \u00e9s&nbsp;<\/p>\n\n\n\n<p>Ennek k\u00f6vetkezt\u00e9ben,a beruh\u00e1z\u00e1s befejezt\u00e9vel alkalmazkodni tudunk az \u00fajabb technol\u00f3giai kih\u00edv\u00e1sokhoz, a v\u00e1ltoz\u00f3 piaci ig\u00e9nyekhez, amelyek tov\u00e1bbi megrendel\u00e9seket eredm\u00e9nyeznek majd.&nbsp;<\/p>\n\n\n\n<p><strong>Projektazonos\u00edt\u00f3:<\/strong>&nbsp;GINOP-1.2.3-8-3-4-16-2017-00700<\/p>\n\n\n\n<p><strong>A projekt fizikai befejez\u00e9s\u00e9nek tervezett id\u0151pontja 2020. m\u00e1rcius 30.<\/strong><\/p>\n\n\n\n<div class=\"wp-block-file alignleft\"><a href=\"http:\/\/www.gazmodulweisz.hu\/wp-content\/uploads\/2021\/06\/1587394713AAXnS.pdf\"><strong>The document can be downloaded<\/strong><\/a><a href=\"http:\/\/www.gazmodulweisz.hu\/wp-content\/uploads\/2021\/06\/1587394713AAXnS.pdf\" class=\"wp-block-file__button\" download><img decoding=\"async\" width=\"50\" height=\"57\" class=\"wp-image-13588\" style=\"width: 50px;\" src=\"http:\/\/www.gazmodulweisz.hu\/wp-content\/uploads\/2021\/06\/1587394571OnUn8.png\" alt=\"\" srcset=\"https:\/\/www.gazmodulweisz.hu\/wp-content\/uploads\/2021\/06\/1587394571OnUn8.png 150w, https:\/\/www.gazmodulweisz.hu\/wp-content\/uploads\/2021\/06\/1587394571OnUn8-10x12.png 10w\" sizes=\"(max-width: 50px) 100vw, 50px\" \/><\/a><\/div>","protected":false},"excerpt":{"rendered":"<p>KAPACIT\u00c1SB\u0150V\u00cdT\u0150 BERUH\u00c1Z\u00c1S&nbsp;a G\u00e1zmodul-Weisz Kereskedelmi \u00e9s Szolg\u00e1ltat\u00f3 Korl\u00e1tolt Felel\u0151ss\u00e9g\u0171 T\u00e1rsas\u00e1gn\u00e1l az Eur\u00f3pai Uni\u00f3 t\u00e1mogat\u00e1s\u00e1val, az Eur\u00f3pai Region\u00e1lis Fejleszt\u00e9si Alap t\u00e1rsfinansz\u00edroz\u00e1s\u00e1val. A G\u00e1zmodul-Weisz Kereskedelmi \u00e9s Szolg\u00e1ltat\u00f3 Korl\u00e1tolt Felel\u0151ss\u00e9g\u0171 T\u00e1rsas\u00e1g, 30%-os t\u00e1mogat\u00e1si intenzit\u00e1s mellett, 41,5milli\u00f3 forint vissza nem t\u00e9r\u00edtend\u0151 t\u00e1mogat\u00e1st 83 milli\u00f3 forint visszat\u00e9r\u00edtend\u0151 t\u00e1mogat\u00e1st nyert el a \u201eMikro-, kis- \u00e9s k\u00f6z\u00e9pv\u00e1llalkoz\u00e1sok kapacit\u00e1sb\u0151v\u00edt\u0151 beruh\u00e1z\u00e1sainak t\u00e1mogat\u00e1sa kombin\u00e1lt hitelterm\u00e9k keret\u00e9ben\u201d&#8230;<\/p>","protected":false},"author":2,"featured_media":13589,"comment_status":"closed","ping_status":"closed","sticky":false,"template":"","format":"standard","meta":{"footnotes":""},"categories":[1],"tags":[],"class_list":["post-13587","post","type-post","status-publish","format-standard","has-post-thumbnail","hentry","category-egyeb"],"yoast_head":"<!-- This site is optimized with the Yoast SEO plugin v21.6 - https:\/\/yoast.com\/wordpress\/plugins\/seo\/ -->\n<title>Kapacit\u00e1sb\u0151v\u00edt\u0151 beruh\u00e1z\u00e1s - G\u00e1zmodul Weisz Kft.<\/title>\n<meta name=\"robots\" content=\"index, follow, max-snippet:-1, max-image-preview:large, max-video-preview:-1\" \/>\n<link rel=\"canonical\" href=\"http:\/\/www.gazmodulweisz.hu\/en\/2021\/06\/02\/kapacitasbovito-beruhazas\/\" \/>\n<meta property=\"og:locale\" content=\"en_GB\" \/>\n<meta property=\"og:type\" content=\"article\" \/>\n<meta property=\"og:title\" content=\"Kapacit\u00e1sb\u0151v\u00edt\u0151 beruh\u00e1z\u00e1s - G\u00e1zmodul Weisz Kft.\" \/>\n<meta property=\"og:description\" content=\"KAPACIT\u00c1SB\u0150V\u00cdT\u0150 BERUH\u00c1Z\u00c1S&nbsp;a G\u00e1zmodul-Weisz Kereskedelmi \u00e9s Szolg\u00e1ltat\u00f3 Korl\u00e1tolt Felel\u0151ss\u00e9g\u0171 T\u00e1rsas\u00e1gn\u00e1l az Eur\u00f3pai Uni\u00f3 t\u00e1mogat\u00e1s\u00e1val, az Eur\u00f3pai Region\u00e1lis Fejleszt\u00e9si Alap t\u00e1rsfinansz\u00edroz\u00e1s\u00e1val. A G\u00e1zmodul-Weisz Kereskedelmi \u00e9s Szolg\u00e1ltat\u00f3 Korl\u00e1tolt Felel\u0151ss\u00e9g\u0171 T\u00e1rsas\u00e1g, 30%-os t\u00e1mogat\u00e1si intenzit\u00e1s mellett, 41,5milli\u00f3 forint vissza nem t\u00e9r\u00edtend\u0151 t\u00e1mogat\u00e1st 83 milli\u00f3 forint visszat\u00e9r\u00edtend\u0151 t\u00e1mogat\u00e1st nyert el a \u201eMikro-, kis- \u00e9s k\u00f6z\u00e9pv\u00e1llalkoz\u00e1sok kapacit\u00e1sb\u0151v\u00edt\u0151 beruh\u00e1z\u00e1sainak t\u00e1mogat\u00e1sa kombin\u00e1lt hitelterm\u00e9k keret\u00e9ben\u201d...\" \/>\n<meta property=\"og:url\" content=\"http:\/\/www.gazmodulweisz.hu\/en\/2021\/06\/02\/kapacitasbovito-beruhazas\/\" \/>\n<meta property=\"og:site_name\" content=\"G\u00e1zmodul Weisz Kft.\" \/>\n<meta property=\"article:published_time\" content=\"2021-06-02T16:53:05+00:00\" \/>\n<meta property=\"article:modified_time\" content=\"2021-06-17T10:19:44+00:00\" \/>\n<meta property=\"og:image\" content=\"https:\/\/www.gazmodulweisz.hu\/wp-content\/uploads\/2021\/06\/1619171120yxLpC.jpg\" \/>\n\t<meta property=\"og:image:width\" content=\"379\" \/>\n\t<meta property=\"og:image:height\" content=\"208\" \/>\n\t<meta property=\"og:image:type\" content=\"image\/jpeg\" \/>\n<meta name=\"author\" content=\"Husz\u00e1r Zolt\u00e1nn\u00e9\" \/>\n<meta name=\"twitter:card\" content=\"summary_large_image\" \/>\n<meta name=\"twitter:label1\" content=\"Written by\" \/>\n\t<meta name=\"twitter:data1\" content=\"Husz\u00e1r Zolt\u00e1nn\u00e9\" \/>\n\t<meta name=\"twitter:label2\" content=\"Estimated reading time\" \/>\n\t<meta name=\"twitter:data2\" content=\"2 minutes\" \/>\n<script type=\"application\/ld+json\" class=\"yoast-schema-graph\">{\"@context\":\"https:\/\/schema.org\",\"@graph\":[{\"@type\":\"WebPage\",\"@id\":\"https:\/\/www.gazmodulweisz.hu\/2021\/06\/02\/kapacitasbovito-beruhazas\/\",\"url\":\"https:\/\/www.gazmodulweisz.hu\/2021\/06\/02\/kapacitasbovito-beruhazas\/\",\"name\":\"Kapacit\u00e1sb\u0151v\u00edt\u0151 beruh\u00e1z\u00e1s - G\u00e1zmodul Weisz Kft.\",\"isPartOf\":{\"@id\":\"https:\/\/www.gazmodulweisz.hu\/#website\"},\"datePublished\":\"2021-06-02T16:53:05+00:00\",\"dateModified\":\"2021-06-17T10:19:44+00:00\",\"author\":{\"@id\":\"https:\/\/www.gazmodulweisz.hu\/#\/schema\/person\/8f37ba38253fe90ffff92e7527e9ff81\"},\"breadcrumb\":{\"@id\":\"https:\/\/www.gazmodulweisz.hu\/2021\/06\/02\/kapacitasbovito-beruhazas\/#breadcrumb\"},\"inLanguage\":\"en-GB\",\"potentialAction\":[{\"@type\":\"ReadAction\",\"target\":[\"https:\/\/www.gazmodulweisz.hu\/2021\/06\/02\/kapacitasbovito-beruhazas\/\"]}]},{\"@type\":\"BreadcrumbList\",\"@id\":\"https:\/\/www.gazmodulweisz.hu\/2021\/06\/02\/kapacitasbovito-beruhazas\/#breadcrumb\",\"itemListElement\":[{\"@type\":\"ListItem\",\"position\":1,\"name\":\"Kezd\u0151lap\",\"item\":\"https:\/\/www.gazmodulweisz.hu\/\"},{\"@type\":\"ListItem\",\"position\":2,\"name\":\"Kapacit\u00e1sb\u0151v\u00edt\u0151 beruh\u00e1z\u00e1s\"}]},{\"@type\":\"WebSite\",\"@id\":\"https:\/\/www.gazmodulweisz.hu\/#website\",\"url\":\"https:\/\/www.gazmodulweisz.hu\/\",\"name\":\"G\u00e1zmodul Weisz Kft.\",\"description\":\"Professzion\u00e1lis kivitelez\u00e9s\",\"potentialAction\":[{\"@type\":\"SearchAction\",\"target\":{\"@type\":\"EntryPoint\",\"urlTemplate\":\"https:\/\/www.gazmodulweisz.hu\/?s={search_term_string}\"},\"query-input\":\"required name=search_term_string\"}],\"inLanguage\":\"en-GB\"},{\"@type\":\"Person\",\"@id\":\"https:\/\/www.gazmodulweisz.hu\/#\/schema\/person\/8f37ba38253fe90ffff92e7527e9ff81\",\"name\":\"Husz\u00e1r Zolt\u00e1nn\u00e9\",\"image\":{\"@type\":\"ImageObject\",\"inLanguage\":\"en-GB\",\"@id\":\"https:\/\/www.gazmodulweisz.hu\/#\/schema\/person\/image\/\",\"url\":\"https:\/\/secure.gravatar.com\/avatar\/b9b545844b66a86f9887d33f1e590b14da73980eedefd0d5db0632a8fa1a698a?s=96&d=mm&r=g\",\"contentUrl\":\"https:\/\/secure.gravatar.com\/avatar\/b9b545844b66a86f9887d33f1e590b14da73980eedefd0d5db0632a8fa1a698a?s=96&d=mm&r=g\",\"caption\":\"Husz\u00e1r Zolt\u00e1nn\u00e9\"},\"url\":\"http:\/\/www.gazmodulweisz.hu\/en\/author\/gazmodul\/\"}]}<\/script>\n<!-- \/ Yoast SEO plugin. -->","yoast_head_json":{"title":"Kapacit\u00e1sb\u0151v\u00edt\u0151 beruh\u00e1z\u00e1s - G\u00e1zmodul Weisz Kft.","robots":{"index":"index","follow":"follow","max-snippet":"max-snippet:-1","max-image-preview":"max-image-preview:large","max-video-preview":"max-video-preview:-1"},"canonical":"http:\/\/www.gazmodulweisz.hu\/en\/2021\/06\/02\/kapacitasbovito-beruhazas\/","og_locale":"en_GB","og_type":"article","og_title":"Kapacit\u00e1sb\u0151v\u00edt\u0151 beruh\u00e1z\u00e1s - G\u00e1zmodul Weisz Kft.","og_description":"KAPACIT\u00c1SB\u0150V\u00cdT\u0150 BERUH\u00c1Z\u00c1S&nbsp;a G\u00e1zmodul-Weisz Kereskedelmi \u00e9s Szolg\u00e1ltat\u00f3 Korl\u00e1tolt Felel\u0151ss\u00e9g\u0171 T\u00e1rsas\u00e1gn\u00e1l az Eur\u00f3pai Uni\u00f3 t\u00e1mogat\u00e1s\u00e1val, az Eur\u00f3pai Region\u00e1lis Fejleszt\u00e9si Alap t\u00e1rsfinansz\u00edroz\u00e1s\u00e1val. A G\u00e1zmodul-Weisz Kereskedelmi \u00e9s Szolg\u00e1ltat\u00f3 Korl\u00e1tolt Felel\u0151ss\u00e9g\u0171 T\u00e1rsas\u00e1g, 30%-os t\u00e1mogat\u00e1si intenzit\u00e1s mellett, 41,5milli\u00f3 forint vissza nem t\u00e9r\u00edtend\u0151 t\u00e1mogat\u00e1st 83 milli\u00f3 forint visszat\u00e9r\u00edtend\u0151 t\u00e1mogat\u00e1st nyert el a \u201eMikro-, kis- \u00e9s k\u00f6z\u00e9pv\u00e1llalkoz\u00e1sok kapacit\u00e1sb\u0151v\u00edt\u0151 beruh\u00e1z\u00e1sainak t\u00e1mogat\u00e1sa kombin\u00e1lt hitelterm\u00e9k keret\u00e9ben\u201d...","og_url":"http:\/\/www.gazmodulweisz.hu\/en\/2021\/06\/02\/kapacitasbovito-beruhazas\/","og_site_name":"G\u00e1zmodul Weisz Kft.","article_published_time":"2021-06-02T16:53:05+00:00","article_modified_time":"2021-06-17T10:19:44+00:00","og_image":[{"width":379,"height":208,"url":"https:\/\/www.gazmodulweisz.hu\/wp-content\/uploads\/2021\/06\/1619171120yxLpC.jpg","type":"image\/jpeg"}],"author":"Husz\u00e1r Zolt\u00e1nn\u00e9","twitter_card":"summary_large_image","twitter_misc":{"Written by":"Husz\u00e1r Zolt\u00e1nn\u00e9","Estimated reading time":"2 minutes"},"schema":{"@context":"https:\/\/schema.org","@graph":[{"@type":"WebPage","@id":"https:\/\/www.gazmodulweisz.hu\/2021\/06\/02\/kapacitasbovito-beruhazas\/","url":"https:\/\/www.gazmodulweisz.hu\/2021\/06\/02\/kapacitasbovito-beruhazas\/","name":"Kapacit\u00e1sb\u0151v\u00edt\u0151 beruh\u00e1z\u00e1s - G\u00e1zmodul Weisz Kft.","isPartOf":{"@id":"https:\/\/www.gazmodulweisz.hu\/#website"},"datePublished":"2021-06-02T16:53:05+00:00","dateModified":"2021-06-17T10:19:44+00:00","author":{"@id":"https:\/\/www.gazmodulweisz.hu\/#\/schema\/person\/8f37ba38253fe90ffff92e7527e9ff81"},"breadcrumb":{"@id":"https:\/\/www.gazmodulweisz.hu\/2021\/06\/02\/kapacitasbovito-beruhazas\/#breadcrumb"},"inLanguage":"en-GB","potentialAction":[{"@type":"ReadAction","target":["https:\/\/www.gazmodulweisz.hu\/2021\/06\/02\/kapacitasbovito-beruhazas\/"]}]},{"@type":"BreadcrumbList","@id":"https:\/\/www.gazmodulweisz.hu\/2021\/06\/02\/kapacitasbovito-beruhazas\/#breadcrumb","itemListElement":[{"@type":"ListItem","position":1,"name":"Kezd\u0151lap","item":"https:\/\/www.gazmodulweisz.hu\/"},{"@type":"ListItem","position":2,"name":"Kapacit\u00e1sb\u0151v\u00edt\u0151 beruh\u00e1z\u00e1s"}]},{"@type":"WebSite","@id":"https:\/\/www.gazmodulweisz.hu\/#website","url":"https:\/\/www.gazmodulweisz.hu\/","name":"G\u00e1zmodul Weisz Kft.","description":"Professzion\u00e1lis kivitelez\u00e9s","potentialAction":[{"@type":"SearchAction","target":{"@type":"EntryPoint","urlTemplate":"https:\/\/www.gazmodulweisz.hu\/?s={search_term_string}"},"query-input":"required name=search_term_string"}],"inLanguage":"en-GB"},{"@type":"Person","@id":"https:\/\/www.gazmodulweisz.hu\/#\/schema\/person\/8f37ba38253fe90ffff92e7527e9ff81","name":"Husz\u00e1r Zolt\u00e1nn\u00e9","image":{"@type":"ImageObject","inLanguage":"en-GB","@id":"https:\/\/www.gazmodulweisz.hu\/#\/schema\/person\/image\/","url":"https:\/\/secure.gravatar.com\/avatar\/b9b545844b66a86f9887d33f1e590b14da73980eedefd0d5db0632a8fa1a698a?s=96&d=mm&r=g","contentUrl":"https:\/\/secure.gravatar.com\/avatar\/b9b545844b66a86f9887d33f1e590b14da73980eedefd0d5db0632a8fa1a698a?s=96&d=mm&r=g","caption":"Husz\u00e1r Zolt\u00e1nn\u00e9"},"url":"http:\/\/www.gazmodulweisz.hu\/en\/author\/gazmodul\/"}]}},"_links":{"self":[{"href":"http:\/\/www.gazmodulweisz.hu\/en\/wp-json\/wp\/v2\/posts\/13587","targetHints":{"allow":["GET"]}}],"collection":[{"href":"http:\/\/www.gazmodulweisz.hu\/en\/wp-json\/wp\/v2\/posts"}],"about":[{"href":"http:\/\/www.gazmodulweisz.hu\/en\/wp-json\/wp\/v2\/types\/post"}],"author":[{"embeddable":true,"href":"http:\/\/www.gazmodulweisz.hu\/en\/wp-json\/wp\/v2\/users\/2"}],"replies":[{"embeddable":true,"href":"http:\/\/www.gazmodulweisz.hu\/en\/wp-json\/wp\/v2\/comments?post=13587"}],"version-history":[{"count":1,"href":"http:\/\/www.gazmodulweisz.hu\/en\/wp-json\/wp\/v2\/posts\/13587\/revisions"}],"predecessor-version":[{"id":13592,"href":"http:\/\/www.gazmodulweisz.hu\/en\/wp-json\/wp\/v2\/posts\/13587\/revisions\/13592"}],"wp:featuredmedia":[{"embeddable":true,"href":"http:\/\/www.gazmodulweisz.hu\/en\/wp-json\/wp\/v2\/media\/13589"}],"wp:attachment":[{"href":"http:\/\/www.gazmodulweisz.hu\/en\/wp-json\/wp\/v2\/media?parent=13587"}],"wp:term":[{"taxonomy":"category","embeddable":true,"href":"http:\/\/www.gazmodulweisz.hu\/en\/wp-json\/wp\/v2\/categories?post=13587"},{"taxonomy":"post_tag","embeddable":true,"href":"http:\/\/www.gazmodulweisz.hu\/en\/wp-json\/wp\/v2\/tags?post=13587"}],"curies":[{"name":"wp","href":"https:\/\/api.w.org\/{rel}","templated":true}]}}