{"id":13593,"date":"2021-06-02T16:58:00","date_gmt":"2021-06-02T16:58:00","guid":{"rendered":"http:\/\/www.gazmodulweisz.hu\/?p=13593"},"modified":"2023-08-04T12:57:38","modified_gmt":"2023-08-04T11:57:38","slug":"sajtokozlemeny","status":"publish","type":"post","link":"http:\/\/www.gazmodulweisz.hu\/en\/2021\/06\/02\/sajtokozlemeny\/","title":{"rendered":"Sajt\u00f3k\u00f6zlem\u00e9ny"},"content":{"rendered":"<div class=\"wp-block-image\"><figure class=\"alignright size-large is-resized\"><img fetchpriority=\"high\" decoding=\"async\" src=\"http:\/\/www.gazmodulweisz.hu\/wp-content\/uploads\/2021\/06\/15873943301rIOm-1024x708.jpg\" alt=\"\" class=\"wp-image-13591\" width=\"418\" height=\"288\" srcset=\"https:\/\/www.gazmodulweisz.hu\/wp-content\/uploads\/2021\/06\/15873943301rIOm-1024x708.jpg 1024w, https:\/\/www.gazmodulweisz.hu\/wp-content\/uploads\/2021\/06\/15873943301rIOm-300x207.jpg 300w, https:\/\/www.gazmodulweisz.hu\/wp-content\/uploads\/2021\/06\/15873943301rIOm-768x531.jpg 768w, https:\/\/www.gazmodulweisz.hu\/wp-content\/uploads\/2021\/06\/15873943301rIOm-16x12.jpg 16w, https:\/\/www.gazmodulweisz.hu\/wp-content\/uploads\/2021\/06\/15873943301rIOm.jpg 1453w\" sizes=\"(max-width: 418px) 100vw, 418px\" \/><\/figure><\/div>\n\n\n\n<p><strong>KAPACIT\u00c1SB\u0150V\u00cdT\u0150 BERUH\u00c1Z\u00c1S<\/strong>&nbsp;a G\u00e1zmodul-Weisz Kereskedelmi \u00e9s Szolg\u00e1ltat\u00f3 Korl\u00e1tolt Felel\u0151ss\u00e9g\u0171 T\u00e1rsas\u00e1gn\u00e1l az Eur\u00f3pai Uni\u00f3 t\u00e1mogat\u00e1s\u00e1val, az Eur\u00f3pai Region\u00e1lis Fejleszt\u00e9si Alap t\u00e1rsfinansz\u00edroz\u00e1s\u00e1val.<\/p>\n\n\n\n<p>A G\u00e1zmodul-Weisz Kereskedelmi \u00e9s Szolg\u00e1ltat\u00f3 Korl\u00e1tolt Felel\u0151ss\u00e9g\u0171 T\u00e1rsas\u00e1g, 70%-os t\u00e1mogat\u00e1si intenzit\u00e1s mellett, 69,6 milli\u00f3 forint vissza nem t\u00e9r\u00edtend\u0151 t\u00e1mogat\u00e1st nyert el a \u201e A mikro-, kis- \u00e9s k\u00f6z\u00e9pv\u00e1llalkoz\u00e1sok modern \u00fczleti \u00e9s termel\u00e9si kih\u00edv\u00e1sokhoz val\u00f3 alkalmazkod\u00e1s\u00e1t seg\u00edt\u0151 fejleszt\u00e9sek t\u00e1mogat\u00e1sa\u201d c\u00edm\u0171 p\u00e1ly\u00e1zaton a Sz\u00e9chenyi 2020 keret\u00e9ben. A k\u00f6zel 100 milli\u00f3 forintos \u00f6sszk\u00f6lts\u00e9gvet\u00e9s\u0171 beruh\u00e1z\u00e1sb\u00f3l a \u201eTermel\u0151eszk\u00f6zfejleszt\u00e9s a G\u00e1zmodul Weisz Kft -n\u00e9l\u201d c\u00edm\u0171 projekt val\u00f3sul meg.<\/p>\n\n\n\n<p>A projekt c\u00e9lja a v\u00e1llalkoz\u00e1s g\u00e9pparkj\u00e1nak b\u0151v\u00edt\u00e9se, ez\u00e1ltal a termel\u00e9si kapacit\u00e1s n\u00f6vel\u00e9se. A n\u00f6vekv\u0151 \u00e9s v\u00e1ltoz\u00f3 piaci ig\u00e9nyek megk\u00f6vetelik a min\u0151s\u00e9gi, gyors \u00e9s a speci\u00e1lis c\u00e9l\u00fa termel\u00e9st, melynek elengedhetetlen felt\u00e9tele a korszer\u0171 technol\u00f3gi\u00e1val rendelkez\u0151 termel\u0151 berendez\u00e9sek megl\u00e9te.<\/p>\n\n\n\n<p>A projekt keret\u00e9ben a v\u00e1llalkoz\u00e1s korszer\u0171s\u00edtette az eszk\u00f6zparkj\u00e1t.<\/p>\n\n\n\n<p>Az eszk\u00f6z\u00f6k seg\u00edts\u00e9g\u00e9vel a helysz\u00edni szerel\u00e9si id\u0151k jelent\u0151sen cs\u00f6kkenthet\u0151ek. A szakszer\u0171 \u00e9s biztons\u00e1gos helysz\u00edni szerel\u00e9st a kosaras \u00e9s oll\u00f3s emel\u0151k felhaszn\u00e1l\u00e1s\u00e1val tudjuk biztos\u00edtani. A helysz\u00edni munka hat\u00e9konys\u00e1ga n\u0151.<\/p>\n\n\n\n<p>A beruh\u00e1z\u00e1s c\u00e9lja, hogy az \u00faj eszk\u00f6z\u00f6kkel javuljon a munkav\u00e9gz\u00e9s hat\u00e9konys\u00e1ga \u00e9s min\u0151s\u00e9ge. A beszerzend\u0151 modern eszk\u00f6z\u00f6k azt a c\u00e9lt is szolg\u00e1lj\u00e1k, hogy a Kft. l\u00e9p\u00e9st tudjon tartani a kor azon k\u00f6vetelm\u00e9nyeivel, hogy az el\u0151re gy\u00e1rtott, el\u0151re szerelt eszk\u00f6z\u00f6ket tudjon az \u00e9p\u00edt\u00e9si munk\u00e1k helysz\u00edn\u00e9re sz\u00e1ll\u00edtani. A helysz\u00edni munkav\u00e9gz\u00e9s idej\u00e9t \u00edgy minim\u00e1lisra tudja szor\u00edtani t\u00e1rsas\u00e1gunk, egyben g\u00e9pparkunk korszer\u0171 \u00e9s hat\u00e9kony lesz. A projekteken v\u00e9gzett feladataink sor\u00e1n a p\u00e1ly\u00e1zatban szerepl\u0151 g\u00e9peket eddigi feladatink sor\u00e1n b\u00e9relt\u00fck, mely jelent\u0151s k\u00f6lts\u00e9get k\u00e9pviselt (napi b\u00e9rleti d\u00edj, ki \u00e9s visszasz\u00e1ll\u00edt\u00e1si k\u00f6lts\u00e9gek). Valamint elm\u00falt \u00e9vekben az \u00e9p\u00edt\u0151iparban t\u00f6rt\u00e9nt fellend\u00fcl\u00e9s sor\u00e1n el\u0151fordult, hogy nem tudtak sz\u00e1munkra g\u00e9pet biztos\u00edtani, ami h\u00e1tr\u00e1ltatta a munkafolyamatainkat. A g\u00e9pek megv\u00e1s\u00e1rl\u00e1s\u00e1val ezek a k\u00f6lts\u00e9geket szeretn\u00e9nk megsz\u0171ntetni.&nbsp; A piaci ig\u00e9nyekhez igazodva szeretn\u00e9nk \u00fajabb feladatok elv\u00e9gz\u00e9s\u00e9re szerz\u0151dni, melyhez elengedhetetlen, hogy biztos\u00edtsuk a technol\u00f3giai h\u00e1tteret.<\/p>\n\n\n\n<p>&nbsp;A projekt keret\u00e9ben a v\u00e1llalkoz\u00e1s korszer\u0171s\u00edtette eszk\u00f6zparkj\u00e1t. A projekt keret\u00e9ben beszerz\u00e9sre ker\u00fclt 6 darab elektromos oll\u00f3s emel\u0151 \u00e9s 1 db nagy teherb\u00edr\u00e1s\u00fa gumikerekes kompakt rakod\u00f3g\u00e9p. A beruh\u00e1z\u00e1s seg\u00edts\u00e9g\u00e9vel a v\u00e1llalkoz\u00e1s k\u00f6zel 90 munkahelyet \u0151riz meg.<\/p>\n\n\n\n<p>Ennek k\u00f6vetkezt\u00e9ben,a beruh\u00e1z\u00e1s befejezt\u00e9vel alkalmazkodni tudunk az \u00fajabb technol\u00f3giai kih\u00edv\u00e1sokhoz, a v\u00e1ltoz\u00f3 piaci ig\u00e9nyekhez, amelyek tov\u00e1bbi megrendel\u00e9seket eredm\u00e9nyeznek majd.<\/p>\n\n\n\n<p><strong>Projektazonos\u00edt\u00f3:<\/strong>&nbsp;GINOP-1.2.8-20-2020-03126<strong><br>A projekt fizikai befejez\u00e9s\u00e9nek tervezett id\u0151pontja 2021. \u00e1prilis 30.<\/strong><\/p>\n\n\n\n<div class=\"wp-block-file\"><a href=\"http:\/\/www.gazmodulweisz.hu\/wp-content\/uploads\/2021\/06\/16191721618JgFI.pdf\"><strong>The document can be downloaded<\/strong><\/a><a href=\"http:\/\/www.gazmodulweisz.hu\/wp-content\/uploads\/2021\/06\/16191721618JgFI.pdf\" class=\"wp-block-file__button\" download><img decoding=\"async\" width=\"50\" height=\"57\" class=\"wp-image-13588\" style=\"width: 50px;\" src=\"http:\/\/www.gazmodulweisz.hu\/wp-content\/uploads\/2021\/06\/1587394571OnUn8.png\" alt=\"\" srcset=\"https:\/\/www.gazmodulweisz.hu\/wp-content\/uploads\/2021\/06\/1587394571OnUn8.png 150w, https:\/\/www.gazmodulweisz.hu\/wp-content\/uploads\/2021\/06\/1587394571OnUn8-10x12.png 10w\" sizes=\"(max-width: 50px) 100vw, 50px\" \/><\/a><\/div>","protected":false},"excerpt":{"rendered":"<p>KAPACIT\u00c1SB\u0150V\u00cdT\u0150 BERUH\u00c1Z\u00c1S&nbsp;a G\u00e1zmodul-Weisz Kereskedelmi \u00e9s Szolg\u00e1ltat\u00f3 Korl\u00e1tolt Felel\u0151ss\u00e9g\u0171 T\u00e1rsas\u00e1gn\u00e1l az Eur\u00f3pai Uni\u00f3 t\u00e1mogat\u00e1s\u00e1val, az Eur\u00f3pai Region\u00e1lis Fejleszt\u00e9si Alap t\u00e1rsfinansz\u00edroz\u00e1s\u00e1val. A G\u00e1zmodul-Weisz Kereskedelmi \u00e9s Szolg\u00e1ltat\u00f3 Korl\u00e1tolt Felel\u0151ss\u00e9g\u0171 T\u00e1rsas\u00e1g, 70%-os t\u00e1mogat\u00e1si intenzit\u00e1s mellett, 69,6 milli\u00f3 forint vissza nem t\u00e9r\u00edtend\u0151 t\u00e1mogat\u00e1st nyert el a \u201e A mikro-, kis- \u00e9s k\u00f6z\u00e9pv\u00e1llalkoz\u00e1sok modern \u00fczleti \u00e9s termel\u00e9si kih\u00edv\u00e1sokhoz val\u00f3 alkalmazkod\u00e1s\u00e1t seg\u00edt\u0151&#8230;<\/p>","protected":false},"author":5,"featured_media":14296,"comment_status":"closed","ping_status":"closed","sticky":false,"template":"","format":"standard","meta":{"footnotes":""},"categories":[1],"tags":[],"class_list":["post-13593","post","type-post","status-publish","format-standard","has-post-thumbnail","hentry","category-egyeb"],"yoast_head":"<!-- This site is optimized with the Yoast SEO plugin v21.6 - https:\/\/yoast.com\/wordpress\/plugins\/seo\/ -->\n<title>Sajt\u00f3k\u00f6zlem\u00e9ny - G\u00e1zmodul Weisz Kft.<\/title>\n<meta name=\"robots\" content=\"index, follow, max-snippet:-1, max-image-preview:large, max-video-preview:-1\" \/>\n<link rel=\"canonical\" href=\"https:\/\/www.gazmodulweisz.hu\/en\/2021\/06\/02\/sajtokozlemeny\/\" \/>\n<meta property=\"og:locale\" content=\"en_GB\" \/>\n<meta property=\"og:type\" content=\"article\" \/>\n<meta property=\"og:title\" content=\"Sajt\u00f3k\u00f6zlem\u00e9ny - G\u00e1zmodul Weisz Kft.\" \/>\n<meta property=\"og:description\" content=\"KAPACIT\u00c1SB\u0150V\u00cdT\u0150 BERUH\u00c1Z\u00c1S&nbsp;a G\u00e1zmodul-Weisz Kereskedelmi \u00e9s Szolg\u00e1ltat\u00f3 Korl\u00e1tolt Felel\u0151ss\u00e9g\u0171 T\u00e1rsas\u00e1gn\u00e1l az Eur\u00f3pai Uni\u00f3 t\u00e1mogat\u00e1s\u00e1val, az Eur\u00f3pai Region\u00e1lis Fejleszt\u00e9si Alap t\u00e1rsfinansz\u00edroz\u00e1s\u00e1val. A G\u00e1zmodul-Weisz Kereskedelmi \u00e9s Szolg\u00e1ltat\u00f3 Korl\u00e1tolt Felel\u0151ss\u00e9g\u0171 T\u00e1rsas\u00e1g, 70%-os t\u00e1mogat\u00e1si intenzit\u00e1s mellett, 69,6 milli\u00f3 forint vissza nem t\u00e9r\u00edtend\u0151 t\u00e1mogat\u00e1st nyert el a \u201e A mikro-, kis- \u00e9s k\u00f6z\u00e9pv\u00e1llalkoz\u00e1sok modern \u00fczleti \u00e9s termel\u00e9si kih\u00edv\u00e1sokhoz val\u00f3 alkalmazkod\u00e1s\u00e1t seg\u00edt\u0151...\" \/>\n<meta property=\"og:url\" content=\"https:\/\/www.gazmodulweisz.hu\/en\/2021\/06\/02\/sajtokozlemeny\/\" \/>\n<meta property=\"og:site_name\" content=\"G\u00e1zmodul Weisz Kft.\" \/>\n<meta property=\"article:published_time\" content=\"2021-06-02T16:58:00+00:00\" \/>\n<meta property=\"article:modified_time\" content=\"2023-08-04T11:57:38+00:00\" \/>\n<meta property=\"og:image\" content=\"https:\/\/www.gazmodulweisz.hu\/wp-content\/uploads\/2021\/06\/1_infoblokk_2020_ERFA_3C_mod.jpg\" \/>\n\t<meta property=\"og:image:width\" content=\"708\" \/>\n\t<meta property=\"og:image:height\" content=\"389\" \/>\n\t<meta property=\"og:image:type\" content=\"image\/jpeg\" \/>\n<meta name=\"author\" content=\"Weisz Melinda\" \/>\n<meta name=\"twitter:card\" content=\"summary_large_image\" \/>\n<meta name=\"twitter:label1\" content=\"Written by\" \/>\n\t<meta name=\"twitter:data1\" content=\"Weisz Melinda\" \/>\n\t<meta name=\"twitter:label2\" content=\"Estimated reading time\" \/>\n\t<meta name=\"twitter:data2\" content=\"2 minutes\" \/>\n<script type=\"application\/ld+json\" class=\"yoast-schema-graph\">{\"@context\":\"https:\/\/schema.org\",\"@graph\":[{\"@type\":\"WebPage\",\"@id\":\"https:\/\/www.gazmodulweisz.hu\/en\/2021\/06\/02\/sajtokozlemeny\/\",\"url\":\"https:\/\/www.gazmodulweisz.hu\/en\/2021\/06\/02\/sajtokozlemeny\/\",\"name\":\"Sajt\u00f3k\u00f6zlem\u00e9ny - G\u00e1zmodul Weisz Kft.\",\"isPartOf\":{\"@id\":\"https:\/\/www.gazmodulweisz.hu\/#website\"},\"datePublished\":\"2021-06-02T16:58:00+00:00\",\"dateModified\":\"2023-08-04T11:57:38+00:00\",\"author\":{\"@id\":\"https:\/\/www.gazmodulweisz.hu\/#\/schema\/person\/85ac8f90b4be51464f70ae87179bc921\"},\"breadcrumb\":{\"@id\":\"https:\/\/www.gazmodulweisz.hu\/en\/2021\/06\/02\/sajtokozlemeny\/#breadcrumb\"},\"inLanguage\":\"en-GB\",\"potentialAction\":[{\"@type\":\"ReadAction\",\"target\":[\"https:\/\/www.gazmodulweisz.hu\/en\/2021\/06\/02\/sajtokozlemeny\/\"]}]},{\"@type\":\"BreadcrumbList\",\"@id\":\"https:\/\/www.gazmodulweisz.hu\/en\/2021\/06\/02\/sajtokozlemeny\/#breadcrumb\",\"itemListElement\":[{\"@type\":\"ListItem\",\"position\":1,\"name\":\"Kezd\u0151lap\",\"item\":\"https:\/\/www.gazmodulweisz.hu\/\"},{\"@type\":\"ListItem\",\"position\":2,\"name\":\"Sajt\u00f3k\u00f6zlem\u00e9ny\"}]},{\"@type\":\"WebSite\",\"@id\":\"https:\/\/www.gazmodulweisz.hu\/#website\",\"url\":\"https:\/\/www.gazmodulweisz.hu\/\",\"name\":\"G\u00e1zmodul Weisz Kft.\",\"description\":\"Professzion\u00e1lis kivitelez\u00e9s\",\"potentialAction\":[{\"@type\":\"SearchAction\",\"target\":{\"@type\":\"EntryPoint\",\"urlTemplate\":\"https:\/\/www.gazmodulweisz.hu\/?s={search_term_string}\"},\"query-input\":\"required name=search_term_string\"}],\"inLanguage\":\"en-GB\"},{\"@type\":\"Person\",\"@id\":\"https:\/\/www.gazmodulweisz.hu\/#\/schema\/person\/85ac8f90b4be51464f70ae87179bc921\",\"name\":\"Weisz Melinda\",\"image\":{\"@type\":\"ImageObject\",\"inLanguage\":\"en-GB\",\"@id\":\"https:\/\/www.gazmodulweisz.hu\/#\/schema\/person\/image\/\",\"url\":\"https:\/\/secure.gravatar.com\/avatar\/22cab97fdb36d284cc6d83ad20b48a0fb5e732c86a26de0a742a878f5d462a56?s=96&d=mm&r=g\",\"contentUrl\":\"https:\/\/secure.gravatar.com\/avatar\/22cab97fdb36d284cc6d83ad20b48a0fb5e732c86a26de0a742a878f5d462a56?s=96&d=mm&r=g\",\"caption\":\"Weisz Melinda\"},\"url\":\"http:\/\/www.gazmodulweisz.hu\/en\/author\/weiszmelinda\/\"}]}<\/script>\n<!-- \/ Yoast SEO plugin. -->","yoast_head_json":{"title":"Sajt\u00f3k\u00f6zlem\u00e9ny - G\u00e1zmodul Weisz Kft.","robots":{"index":"index","follow":"follow","max-snippet":"max-snippet:-1","max-image-preview":"max-image-preview:large","max-video-preview":"max-video-preview:-1"},"canonical":"https:\/\/www.gazmodulweisz.hu\/en\/2021\/06\/02\/sajtokozlemeny\/","og_locale":"en_GB","og_type":"article","og_title":"Sajt\u00f3k\u00f6zlem\u00e9ny - G\u00e1zmodul Weisz Kft.","og_description":"KAPACIT\u00c1SB\u0150V\u00cdT\u0150 BERUH\u00c1Z\u00c1S&nbsp;a G\u00e1zmodul-Weisz Kereskedelmi \u00e9s Szolg\u00e1ltat\u00f3 Korl\u00e1tolt Felel\u0151ss\u00e9g\u0171 T\u00e1rsas\u00e1gn\u00e1l az Eur\u00f3pai Uni\u00f3 t\u00e1mogat\u00e1s\u00e1val, az Eur\u00f3pai Region\u00e1lis Fejleszt\u00e9si Alap t\u00e1rsfinansz\u00edroz\u00e1s\u00e1val. A G\u00e1zmodul-Weisz Kereskedelmi \u00e9s Szolg\u00e1ltat\u00f3 Korl\u00e1tolt Felel\u0151ss\u00e9g\u0171 T\u00e1rsas\u00e1g, 70%-os t\u00e1mogat\u00e1si intenzit\u00e1s mellett, 69,6 milli\u00f3 forint vissza nem t\u00e9r\u00edtend\u0151 t\u00e1mogat\u00e1st nyert el a \u201e A mikro-, kis- \u00e9s k\u00f6z\u00e9pv\u00e1llalkoz\u00e1sok modern \u00fczleti \u00e9s termel\u00e9si kih\u00edv\u00e1sokhoz val\u00f3 alkalmazkod\u00e1s\u00e1t seg\u00edt\u0151...","og_url":"https:\/\/www.gazmodulweisz.hu\/en\/2021\/06\/02\/sajtokozlemeny\/","og_site_name":"G\u00e1zmodul Weisz Kft.","article_published_time":"2021-06-02T16:58:00+00:00","article_modified_time":"2023-08-04T11:57:38+00:00","og_image":[{"width":708,"height":389,"url":"https:\/\/www.gazmodulweisz.hu\/wp-content\/uploads\/2021\/06\/1_infoblokk_2020_ERFA_3C_mod.jpg","type":"image\/jpeg"}],"author":"Weisz Melinda","twitter_card":"summary_large_image","twitter_misc":{"Written by":"Weisz Melinda","Estimated reading time":"2 minutes"},"schema":{"@context":"https:\/\/schema.org","@graph":[{"@type":"WebPage","@id":"https:\/\/www.gazmodulweisz.hu\/en\/2021\/06\/02\/sajtokozlemeny\/","url":"https:\/\/www.gazmodulweisz.hu\/en\/2021\/06\/02\/sajtokozlemeny\/","name":"Sajt\u00f3k\u00f6zlem\u00e9ny - G\u00e1zmodul Weisz Kft.","isPartOf":{"@id":"https:\/\/www.gazmodulweisz.hu\/#website"},"datePublished":"2021-06-02T16:58:00+00:00","dateModified":"2023-08-04T11:57:38+00:00","author":{"@id":"https:\/\/www.gazmodulweisz.hu\/#\/schema\/person\/85ac8f90b4be51464f70ae87179bc921"},"breadcrumb":{"@id":"https:\/\/www.gazmodulweisz.hu\/en\/2021\/06\/02\/sajtokozlemeny\/#breadcrumb"},"inLanguage":"en-GB","potentialAction":[{"@type":"ReadAction","target":["https:\/\/www.gazmodulweisz.hu\/en\/2021\/06\/02\/sajtokozlemeny\/"]}]},{"@type":"BreadcrumbList","@id":"https:\/\/www.gazmodulweisz.hu\/en\/2021\/06\/02\/sajtokozlemeny\/#breadcrumb","itemListElement":[{"@type":"ListItem","position":1,"name":"Kezd\u0151lap","item":"https:\/\/www.gazmodulweisz.hu\/"},{"@type":"ListItem","position":2,"name":"Sajt\u00f3k\u00f6zlem\u00e9ny"}]},{"@type":"WebSite","@id":"https:\/\/www.gazmodulweisz.hu\/#website","url":"https:\/\/www.gazmodulweisz.hu\/","name":"G\u00e1zmodul Weisz Kft.","description":"Professzion\u00e1lis kivitelez\u00e9s","potentialAction":[{"@type":"SearchAction","target":{"@type":"EntryPoint","urlTemplate":"https:\/\/www.gazmodulweisz.hu\/?s={search_term_string}"},"query-input":"required name=search_term_string"}],"inLanguage":"en-GB"},{"@type":"Person","@id":"https:\/\/www.gazmodulweisz.hu\/#\/schema\/person\/85ac8f90b4be51464f70ae87179bc921","name":"Weisz Melinda","image":{"@type":"ImageObject","inLanguage":"en-GB","@id":"https:\/\/www.gazmodulweisz.hu\/#\/schema\/person\/image\/","url":"https:\/\/secure.gravatar.com\/avatar\/22cab97fdb36d284cc6d83ad20b48a0fb5e732c86a26de0a742a878f5d462a56?s=96&d=mm&r=g","contentUrl":"https:\/\/secure.gravatar.com\/avatar\/22cab97fdb36d284cc6d83ad20b48a0fb5e732c86a26de0a742a878f5d462a56?s=96&d=mm&r=g","caption":"Weisz Melinda"},"url":"http:\/\/www.gazmodulweisz.hu\/en\/author\/weiszmelinda\/"}]}},"_links":{"self":[{"href":"http:\/\/www.gazmodulweisz.hu\/en\/wp-json\/wp\/v2\/posts\/13593","targetHints":{"allow":["GET"]}}],"collection":[{"href":"http:\/\/www.gazmodulweisz.hu\/en\/wp-json\/wp\/v2\/posts"}],"about":[{"href":"http:\/\/www.gazmodulweisz.hu\/en\/wp-json\/wp\/v2\/types\/post"}],"author":[{"embeddable":true,"href":"http:\/\/www.gazmodulweisz.hu\/en\/wp-json\/wp\/v2\/users\/5"}],"replies":[{"embeddable":true,"href":"http:\/\/www.gazmodulweisz.hu\/en\/wp-json\/wp\/v2\/comments?post=13593"}],"version-history":[{"count":4,"href":"http:\/\/www.gazmodulweisz.hu\/en\/wp-json\/wp\/v2\/posts\/13593\/revisions"}],"predecessor-version":[{"id":13864,"href":"http:\/\/www.gazmodulweisz.hu\/en\/wp-json\/wp\/v2\/posts\/13593\/revisions\/13864"}],"wp:featuredmedia":[{"embeddable":true,"href":"http:\/\/www.gazmodulweisz.hu\/en\/wp-json\/wp\/v2\/media\/14296"}],"wp:attachment":[{"href":"http:\/\/www.gazmodulweisz.hu\/en\/wp-json\/wp\/v2\/media?parent=13593"}],"wp:term":[{"taxonomy":"category","embeddable":true,"href":"http:\/\/www.gazmodulweisz.hu\/en\/wp-json\/wp\/v2\/categories?post=13593"},{"taxonomy":"post_tag","embeddable":true,"href":"http:\/\/www.gazmodulweisz.hu\/en\/wp-json\/wp\/v2\/tags?post=13593"}],"curies":[{"name":"wp","href":"https:\/\/api.w.org\/{rel}","templated":true}]}}